[{"@context":"https:\/\/schema.org\/","@type":"Article","@id":"https:\/\/www.nanovy.cz\/nabizime-krasna-cernobila-a-cervenobila-stenatka-akita-inu-s-pp\/#Article","mainEntityOfPage":"https:\/\/www.nanovy.cz\/nabizime-krasna-cernobila-a-cervenobila-stenatka-akita-inu-s-pp\/","headline":"Nab\u00edz\u00edme kr\u00e1sn\u00e1 \u010dernob\u00edl\u00e1 a \u010dervenob\u00edl\u00e1 \u0161t\u011b\u0148\u00e1tka Akita Inu s PP!!!","name":"Nab\u00edz\u00edme kr\u00e1sn\u00e1 \u010dernob\u00edl\u00e1 a \u010dervenob\u00edl\u00e1 \u0161t\u011b\u0148\u00e1tka Akita Inu s PP!!!","description":"Nab\u00edz\u00edme \u0161t\u011b\u0148\u00e1tka Akita Inu narozen\u00e1 10.2. 2023. Na v\u00fdb\u011br m\u00e1te mezi \u010dernob\u00edl\u00fdmi a \u010dervenob\u00edl\u00fdmi. M\u016f\u017eete si i p\u0159e\u010d\u00edst rodokmen na\u0161ich \u0161t\u011b\u0148\u00e1tek odkud zjist\u00edte v\u0161echny pot\u0159ebn\u00e9 informace. Nap\u0159\u00edklad v rodokmenu je uvedeno, \u017ee otec n\u011bkter\u00fdch konkr\u00e9tn\u011b \u010dernob\u00edl\u00fdch \u0161t\u011b\u0148\u00e1tek, kter\u00fd se jmenuje \u2013 Akiho v It\u00e1lii v roce 2019 z\u00edskal titul vicemistra Evropy a do\u010dtete se tam [&hellip;]","datePublished":"2023-02-23","dateModified":"2023-04-25","author":{"@type":"Person","@id":"https:\/\/www.nanovy.cz\/author\/#Person","name":"","url":"https:\/\/www.nanovy.cz\/author\/","identifier":1,"image":{"@type":"ImageObject","@id":"https:\/\/secure.gravatar.com\/avatar\/4006af731f458a56e90e1a4ecbb37f08f11b51b80cb9267b6a6e5547922ff49d?s=96&d=mm&r=g","url":"https:\/\/secure.gravatar.com\/avatar\/4006af731f458a56e90e1a4ecbb37f08f11b51b80cb9267b6a6e5547922ff49d?s=96&d=mm&r=g","height":96,"width":96}},"publisher":{"@type":"Organization","name":"nanovy.cz","logo":{"@type":"ImageObject","@id":"\/logo.png","url":"\/logo.png","width":600,"height":60}},"image":{"@type":"ImageObject","@id":"https:\/\/www.nanovy.cz\/wp-content\/uploads\/akita-2534992_640.jpg","url":"https:\/\/www.nanovy.cz\/wp-content\/uploads\/akita-2534992_640.jpg","height":0,"width":0},"url":"https:\/\/www.nanovy.cz\/nabizime-krasna-cernobila-a-cervenobila-stenatka-akita-inu-s-pp\/","about":["Nakupov\u00e1n\u00ed"],"wordCount":429,"articleBody":"   Nab\u00edz\u00edme \u0161t\u011b\u0148\u00e1tka Akita Inu narozen\u00e1 10.2. 2023. Na v\u00fdb\u011br m\u00e1te mezi \u010dernob\u00edl\u00fdmi a \u010dervenob\u00edl\u00fdmi. M\u016f\u017eete si i p\u0159e\u010d\u00edst rodokmen na\u0161ich \u0161t\u011b\u0148\u00e1tek odkud zjist\u00edte v\u0161echny pot\u0159ebn\u00e9 informace. Nap\u0159\u00edklad v rodokmenu je uvedeno, \u017ee otec n\u011bkter\u00fdch konkr\u00e9tn\u011b \u010dernob\u00edl\u00fdch \u0161t\u011b\u0148\u00e1tek, kter\u00fd se jmenuje \u2013 Akiho v It\u00e1lii v roce 2019 z\u00edskal titul vicemistra Evropy a do\u010dtete se tam i o jin\u00fdch \u00fasp\u011b\u0161\u00edch ostatn\u00edch p\u0159edk\u016f. D\u016fle\u017eit\u00e9 je tak\u00e9 zm\u00ednit, \u017ee na\u0161e \u0161t\u011b\u0148\u00e1tka si dom\u016f odvezete i s mezin\u00e1rodn\u00edm (FCI) a Japonsk\u00fdm (Akiho) rodokmenem, o\u010dkovan\u00e9, \u010dipovan\u00e9, od\u010derven\u00e9 se sv\u00fdm evropsk\u00fdm pasem, a p\u0159edev\u0161\u00edm s osv\u011bd\u010den\u00edm o v\u00fdborn\u00e9m zdravotn\u00edm stavu vydan\u00e9m zp\u016fsobil\u00fdm l\u00e9ka\u0159em!! Velice d\u016fle\u017eit\u00e9 je zm\u00ednit i to, \u017ee pejskov\u00e9 jsou s PP! Tud\u00ed\u017e je velice mal\u00e1 pravd\u011bpodobnost n\u011bjak\u00e9ho onemocn\u011bn\u00ed nav\u00edc rodokmen dostanete je\u0161t\u011b ke \u0161t\u011b\u0148\u00e1tku. O Akita Inu na prodejToto plemeno poch\u00e1z\u00ed z Japonska. Akita Inu jsou jedni z nejstar\u0161\u00edch ps\u016f. P\u0159edci t\u011bchto pejsk\u016f putovali s ko\u010dovn\u00edky po Japonsku u\u017e v 5.tis\u00edcilet\u00ed p\u0159.n.l. Slou\u017eili jako love\u010dt\u00ed psi, ale tak\u00e9 chr\u00e1nili sv\u00e9 rodiny. Je to velice tvrdohlav\u00e9 plemeno, a proto je ur\u010deno sp\u00ed\u0161e spolehliv\u011bj\u0161\u00edm majitel\u016fm, tak\u017ee ide\u00e1ln\u011b tomu, kdo u\u017e pejska n\u011bkdy m\u011bl, nicm\u00e9n\u011b si mysl\u00edm \u017ee kdy\u017e se \u010dlov\u011bk opravdu sna\u017e\u00ed a je dostate\u010dn\u011b d\u016fsledn\u00fd a sna\u017e\u00ed se sv\u00e9ho pejska dob\u0159e vychovat, m\u016f\u017ee si ho po\u0159\u00eddit kdokoli chce jen opatrn\u011b na jejich tvrdohlavost!!Jak vypadaj\u00ed? Akita Inu pat\u0159\u00ed do skupiny \u0161pic\u016f, ov\u0161em Akita Inu jsou v\u011bt\u0161\u00ed. S v\u00fd\u0161kou v kohoutku m\u00e1 cca 70 cm, m\u00e1 silnou stavbu t\u011bla. Specifi\u010dt\u00ed jsou sv\u00fdm sto\u010den\u00fdm ocasem na z\u00e1dech. PovahaJak u\u017e jsem zmi\u0148ovala Akita Inu je docela dost tvrdohlav\u00e1, z\u00e1rove\u0148 ale miluje sv\u00e9ho p\u00e1na i svoji rodinu. Povely se rychle nau\u010d\u00ed, ale \u010dlov\u011bk mus\u00ed b\u00fdt velice trp\u011bliv\u00fd, tomuto plemeni trv\u00e1 dost dlouho, ne\u017e povel provede. Jsou velice mil\u00ed a p\u0159\u00e1tel\u0161t\u00ed. Jsou to velc\u00ed aport\u00e9\u0159i tud\u00ed\u017e velice r\u00e1di nos\u00ed hra\u010dky, klacky, stejn\u011b jako labrado\u0159i, kter\u00e9ho m\u00e1me doma. Maj\u00ed velice kladn\u00fd vztah k d\u011btem, kter\u00e9 budou chr\u00e1nit.                                                                                                                                                                                                                                                                                                                                                                                          4.4\/5 - (10 votes)        "},{"@context":"https:\/\/schema.org\/","@type":"BreadcrumbList","itemListElement":[{"@type":"ListItem","position":1,"name":"Nab\u00edz\u00edme kr\u00e1sn\u00e1 \u010dernob\u00edl\u00e1 a \u010dervenob\u00edl\u00e1 \u0161t\u011b\u0148\u00e1tka Akita Inu s PP!!!","item":"https:\/\/www.nanovy.cz\/nabizime-krasna-cernobila-a-cervenobila-stenatka-akita-inu-s-pp\/#breadcrumbitem"}]}]