[{"@context":"https:\/\/schema.org\/","@type":"Article","@id":"https:\/\/www.nanovy.cz\/vice-mista\/#Article","mainEntityOfPage":"https:\/\/www.nanovy.cz\/vice-mista\/","headline":"V\u00edce mista","name":"V\u00edce mista","description":"Jist\u011b mi d\u00e1te za pravdu, \u017ee m\u00edt n\u011bjak\u00e9 \u00falo\u017en\u00e9 prostory nap\u0159\u00edklad v byt\u011b se opravdu hodn\u011b hod\u00ed. No m\u011b ur\u010dit\u011b ano, a to za ka\u017edou cenu. Jeliko\u017e m\u00e1m dv\u011b d\u011bti a t\u0159et\u00ed na cest\u011b tak m\u00edsta nen\u00ed nikdy dost. I p\u0159esto \u017ee nejsem n\u011bjak\u00e1 sb\u011bratelka vete\u0161e, nebo oble\u010den\u00ed. Tak n\u00e1m m\u00edsto st\u00e1le ub\u00fdv\u00e1. U\u017e jsem [&hellip;]","datePublished":"2023-05-15","dateModified":"2023-06-15","author":{"@type":"Person","@id":"https:\/\/www.nanovy.cz\/author\/#Person","name":"","url":"https:\/\/www.nanovy.cz\/author\/","identifier":1,"image":{"@type":"ImageObject","@id":"https:\/\/secure.gravatar.com\/avatar\/4006af731f458a56e90e1a4ecbb37f08f11b51b80cb9267b6a6e5547922ff49d?s=96&d=mm&r=g","url":"https:\/\/secure.gravatar.com\/avatar\/4006af731f458a56e90e1a4ecbb37f08f11b51b80cb9267b6a6e5547922ff49d?s=96&d=mm&r=g","height":96,"width":96}},"publisher":{"@type":"Organization","name":"nanovy.cz","logo":{"@type":"ImageObject","@id":"\/logo.png","url":"\/logo.png","width":600,"height":60}},"image":{"@type":"ImageObject","@id":"https:\/\/www.nanovy.cz\/wp-content\/uploads\/bed-1839184_1280%20(1).jpg","url":"https:\/\/www.nanovy.cz\/wp-content\/uploads\/bed-1839184_1280%20(1).jpg","height":0,"width":0},"url":"https:\/\/www.nanovy.cz\/vice-mista\/","about":["Nakupov\u00e1n\u00ed"],"wordCount":448,"articleBody":"      Jist\u011b mi d\u00e1te za pravdu, \u017ee m\u00edt n\u011bjak\u00e9 \u00falo\u017en\u00e9 prostory nap\u0159\u00edklad v byt\u011b se opravdu hodn\u011b hod\u00ed. No m\u011b ur\u010dit\u011b ano, a to za ka\u017edou cenu. Jeliko\u017e m\u00e1m dv\u011b d\u011bti a t\u0159et\u00ed na cest\u011b tak m\u00edsta nen\u00ed nikdy dost. I p\u0159esto \u017ee nejsem n\u011bjak\u00e1 sb\u011bratelka vete\u0161e, nebo oble\u010den\u00ed. Tak n\u00e1m m\u00edsto st\u00e1le ub\u00fdv\u00e1. U\u017e jsem i n\u011bkolikr\u00e1t v\u011bci t\u0159\u00eddila a d\u00e1vala pry\u010d, no ale i tak se mi zd\u00e1 \u017ee je zde st\u00e1le m\u00e1lo \u00falo\u017en\u00e9ho prostoru. Hlavn\u011b t\u0159eba na sez\u00f3nn\u00ed v\u011bci, jako jsou nap\u0159\u00edklad t\u00edm i bundy, kombin\u00e9zy a tepel oble\u010den\u00ed. D\u00e1le pak t\u0159eba vybaven\u00ed na sport. Sice tedy m\u00e1me sklep, ale tam se toho moc nevejde, jeliko\u017e je mali\u010dk\u00fd, a tak v\u011bci mus\u00edm skladovat v byt\u011b kde je mal\u00fd prostor. No, a tak jsem si teda jednou \u0159ekla a dost! Cht\u011bla sem m\u00edt v\u0161echno co nejrychleji za\u0159\u00edzen\u00e9, nem\u00e1m r\u00e1da, kdy\u017e n\u011bco dlouho trv\u00e1. U\u017e jsem prost\u011b takov\u00e1. No, a tak jsem za\u010dala t\u0159\u00eddit v\u011bci opravdu poctiv\u011b, co opravdu pot\u0159ebujeme a bez \u010deho se tentokr\u00e1t obejdeme. V\u011bci pro\u0159\u00eddly a m\u00e1m kone\u010dn\u011b v\u00edce m\u00edsta. Ale st\u00e1le to nen\u00ed ono. Po\u0159\u00e1d t\u011bch zbytek v\u011bci mus\u00edm n\u011bkde skladovat a sk\u0159\u00edn\u011b jsou bohu\u017eel mal\u00e9. Jednou jsem u kamar\u00e1dky vid\u011bla fakt bezvadn\u00fd n\u00e1bytek, kter\u00fd m\u011bla upraven\u00fd na m\u00edru, tak\u017ee byl vyu\u017eity ka\u017edi\u010dk\u00fd centimetr. Tak\u017ee tohle by byla ta spr\u00e1vn\u00e1 cesta pr\u00e1v\u011b pro m\u011b. Nechala si ud\u011blat u firmy sk\u0159\u00edn\u011b na m\u00edru Praha a je opravdu moc spokojen\u00e1. Doma m\u00e1 spousty prostoru d\u00edky tomu, ze sk\u0159\u00edn\u011b jsou vyrobeny p\u0159\u00edmo do jej\u00edho bytu v\u0161e si tam kr\u00e1sn\u011b z organizovala, a je\u0161t\u011b m\u00e1 st\u00e1le m\u00edsto. Tak jsem si \u0159ekla \u017ee firmu taky oslov\u00edm s pros\u00edkem, aby i m\u011b sk\u0159\u00ed\u0148 na m\u00edru ud\u011blali. Necel\u00e1 jsem takovou skv\u011blou komunikaci jako s nimi. V\u0161e jsme si \u0159ekli, j\u00e1 svoji p\u0159edstavu, oni jejich realizaci a pak jsem se jenom dohodli na dal\u0161\u00edch detailech a u\u017e mi tady stoj\u00ed vestav\u011bn\u00e1 sk\u0159\u00ed\u0148 ve sv\u00e9 cel\u00e9 kr\u00e1se. Spokojen\u011bj\u0161\u00ed u\u017e b\u00fdt snad ani nem\u016f\u017eu. Toho m\u00edsta je tu opravdu hodn\u011b a vejde se n\u00e1m tam spousty v\u011bc\u00ed a nic se nev\u00e1l\u00ed na zemi.                                                                                                                                                                                                                                                                                                                                                                                            4.3\/5 - (13 votes)        "},{"@context":"https:\/\/schema.org\/","@type":"BreadcrumbList","itemListElement":[{"@type":"ListItem","position":1,"name":"V\u00edce mista","item":"https:\/\/www.nanovy.cz\/vice-mista\/#breadcrumbitem"}]}]