[{"@context":"https:\/\/schema.org\/","@type":"Article","@id":"https:\/\/www.nanovy.cz\/za-historii-i-poznanim\/#Article","mainEntityOfPage":"https:\/\/www.nanovy.cz\/za-historii-i-poznanim\/","headline":"Za histori\u00ed i pozn\u00e1n\u00edm","name":"Za histori\u00ed i pozn\u00e1n\u00edm","description":"Ano, i takov\u00fd m\u016f\u017ee b\u00fdt v\u00edkend str\u00e1ven\u00fd v na\u0161ich hor\u00e1ch. Na\u0161li byste jej v Olomouck\u00e9m kraji. Nav\u0161t\u00edvit m\u016f\u017eete jeden z hojn\u011b nav\u0161t\u011bvovan\u00fdch a velmi zaj\u00edmav\u00fdch turistick\u00fdch c\u00edl\u016f v \u010cesk\u00e9 republice. T\u00edm c\u00edlem je p\u0159e\u010derp\u00e1vac\u00ed vodn\u00ed elektr\u00e1rna Dlouh\u00e9 str\u00e1n\u011b. Nebo t\u0159eba poh\u00e1dkov\u00fd hrad Sovinec. Ubytov\u00e1n\u00ed Jesen\u00edky m\u00e1 v nab\u00eddce celou \u0159adu pokoj\u016f, vhodn\u00fdch pro rodiny s [&hellip;]","datePublished":"2024-11-30","dateModified":"2024-11-30","author":{"@type":"Person","@id":"https:\/\/www.nanovy.cz\/author\/#Person","name":"","url":"https:\/\/www.nanovy.cz\/author\/","identifier":1,"image":{"@type":"ImageObject","@id":"https:\/\/secure.gravatar.com\/avatar\/4006af731f458a56e90e1a4ecbb37f08f11b51b80cb9267b6a6e5547922ff49d?s=96&d=mm&r=g","url":"https:\/\/secure.gravatar.com\/avatar\/4006af731f458a56e90e1a4ecbb37f08f11b51b80cb9267b6a6e5547922ff49d?s=96&d=mm&r=g","height":96,"width":96}},"publisher":{"@type":"Organization","name":"nanovy.cz","logo":{"@type":"ImageObject","@id":"\/logo.png","url":"\/logo.png","width":600,"height":60}},"url":"https:\/\/www.nanovy.cz\/za-historii-i-poznanim\/","wordCount":181,"articleBody":"Ano, i takov\u00fd m\u016f\u017ee b\u00fdt v\u00edkend str\u00e1ven\u00fd v na\u0161ich hor\u00e1ch. Na\u0161li byste jej v Olomouck\u00e9m kraji. Nav\u0161t\u00edvit m\u016f\u017eete jeden z hojn\u011b nav\u0161t\u011bvovan\u00fdch a velmi zaj\u00edmav\u00fdch turistick\u00fdch c\u00edl\u016f v \u010cesk\u00e9 republice. T\u00edm c\u00edlem je p\u0159e\u010derp\u00e1vac\u00ed vodn\u00ed elektr\u00e1rna Dlouh\u00e9 str\u00e1n\u011b. Nebo t\u0159eba poh\u00e1dkov\u00fd hrad Sovinec. Ubytov\u00e1n\u00ed Jesen\u00edky m\u00e1 v nab\u00eddce celou \u0159adu pokoj\u016f, vhodn\u00fdch pro rodiny s d\u011btmi i pro p\u00e1ry. P\u0159ije\u010fte na v\u00edkend i vy. Nejl\u00e9pe je v horsk\u00e9m hotelu V Jesen\u00edk\u00e1ch v\u00e1s p\u0159iv\u00edtaj\u00ed v jednom z nejv\u00fd\u0161e polo\u017een\u00fdch horsk\u00fdch hotel\u016f v \u010cesk\u00e9 republice. Vybrat si m\u016f\u017eete z \u0161irok\u00e9 nab\u00eddky typ\u016f pokoj\u016f ten, kter\u00fd v\u00e1m bude nejl\u00e9pe vyhovovat. A\u0165 u\u017e cestujete v zim\u011b nebo v l\u00e9t\u011b, s ubytov\u00e1n\u00edm v na\u0161em hotelu budete jist\u011b spokojeni. Prohl\u00e9dn\u011bte si i vy fotogalerii modern\u011b vybaven\u00fdch pokoj\u016f.                                                                                                                                                                                                                                                                                                                                                                                        4.6\/5 - (5 votes)        "},{"@context":"https:\/\/schema.org\/","@type":"BreadcrumbList","itemListElement":[{"@type":"ListItem","position":1,"name":"Za histori\u00ed i pozn\u00e1n\u00edm","item":"https:\/\/www.nanovy.cz\/za-historii-i-poznanim\/#breadcrumbitem"}]}]